{"id":1283,"date":"2024-09-06T17:23:49","date_gmt":"2024-09-06T15:23:49","guid":{"rendered":"https:\/\/www.abcdatos.com\/blog\/?p=1283"},"modified":"2025-02-10T13:08:50","modified_gmt":"2025-02-10T12:08:50","slug":"por-que-elegir-un-macbook-pro-reacondicionado","status":"publish","type":"post","link":"https:\/\/www.abcdatos.com\/blog\/por-que-elegir-un-macbook-pro-reacondicionado\/","title":{"rendered":"\u00bfPor qu\u00e9 elegir un Macbook Pro reacondicionado?"},"content":{"rendered":"<h3><\/h3>\n<p>Si est\u00e1s en busca de <strong>un port\u00e1til potente y fiable<\/strong>, pero sin gastar una fortuna, un <a href=\"https:\/\/www.okamac.com\/es\/6-macbook-pro\">Macbook Pro reacondicionado<\/a> puede ser la opci\u00f3n perfecta para ti.\u00a0Este tipo de equipos no solo ofrecen la calidad y el rendimiento que caracteriza a los productos de Apple, sino que tambi\u00e9n presentan una excelente relaci\u00f3n calidad-precio.<\/p>\n<p><!--more--><\/p>\n<p>Adem\u00e1s, optar por un Macbook reacondicionado es una decisi\u00f3n inteligente tanto desde el punto de vista econ\u00f3mico como ecol\u00f3gico, ya que contribuyes a la reducci\u00f3n de residuos electr\u00f3nicos.<\/p>\n<h2><strong>\u00bfQu\u00e9 significa que un Macbook sea reacondicionado?<\/strong><\/h2>\n<p>Cuando hablamos de <strong>un Macbook reacondicionado<\/strong>, nos referimos a equipos que han sido previamente usados, pero que han pasado por un proceso exhaustivo de restauraci\u00f3n para garantizar que funcionen como nuevos. Estos dispositivos pueden haber sido devueltos por un cliente, exhibidos en tiendas o haber sido utilizados durante un tiempo corto. Tras un minucioso proceso de inspecci\u00f3n y reparaci\u00f3n, el equipo queda listo para ser vendido nuevamente, <strong>con la garant\u00eda de que est\u00e1 en perfectas condiciones<\/strong>.<\/p>\n<p>Elegir un Macbook reacondicionado te permite obtener la potencia de un port\u00e1til de alto rendimiento a un precio significativamente reducido, lo que se traduce en un ahorro considerable para tu bolsillo.<\/p>\n<h2><strong>Ventajas de comprar un Macbook Pro reacondicionado<\/strong><\/h2>\n<ol>\n<li><strong>Ahorro econ\u00f3mico significativo<\/strong><br \/>\nUna de las principales razones por las que muchas personas optan por un Macbook Pro reacondicionado es el ahorro que supone. Generalmente, los dispositivos reacondicionados tienen un precio entre un 20% y un 50% menor que un modelo nuevo. Esto es especialmente importante si consideramos que los Macbook Pro son conocidos por su durabilidad y rendimiento a largo plazo. Esto significa que puedes adquirir un equipo con las mismas especificaciones por mucho menos.<\/li>\n<li><strong>Calidad asegurada<\/strong><br \/>\nComprar un equipo reacondicionado no significa que est\u00e9s comprometiendo la calidad. Al contrario, estos dispositivos son sometidos a rigurosas pruebas y reparaciones antes de ser puestos a la venta. Apple y otros proveedores autorizados de equipos reacondicionados se aseguran de que cada port\u00e1til funcione como nuevo y cumpla con todos los est\u00e1ndares de calidad. Adem\u00e1s, muchos de estos equipos vienen con una garant\u00eda, lo que te ofrece tranquilidad y respaldo ante cualquier eventualidad.<\/li>\n<li><strong>Sostenibilidad ambiental<\/strong><br \/>\nOptar por un Macbook Pro reacondicionado no solo es una decisi\u00f3n inteligente para tu econom\u00eda, sino tambi\u00e9n para el medio ambiente. Al adquirir un dispositivo reacondicionado, est\u00e1s contribuyendo a la reducci\u00f3n de residuos electr\u00f3nicos, que es uno de los mayores problemas medioambientales en la actualidad. Este tipo de consumo responsable fomenta la reutilizaci\u00f3n de productos tecnol\u00f3gicos, reduciendo la necesidad de producir nuevos dispositivos y disminuyendo la huella ecol\u00f3gica de la industria.<\/li>\n<\/ol>\n<p><strong>Macbook Pro Retina 2017: una opci\u00f3n ideal<\/strong><\/p>\n<p>Si est\u00e1s buscando una recomendaci\u00f3n espec\u00edfica, el <a href=\"https:\/\/www.okamac.com\/es\/blog\/el-macbook-pro-retina-de-2017-una-eleccion-ideal-para-los-estudiantes-n52\" target=\"_new\" rel=\"noopener\">Macbook Pro Retina 2017<\/a> es una excelente elecci\u00f3n. Este modelo se destaca por su pantalla de alta resoluci\u00f3n y su dise\u00f1o compacto y ligero, lo que lo hace perfecto tanto para estudiantes como para profesionales que necesitan un equipo port\u00e1til pero potente. A pesar de que han pasado algunos a\u00f1os desde su lanzamiento, sigue siendo una opci\u00f3n muy popular gracias a su fiabilidad, rendimiento y est\u00e9tica.<\/p>\n<h2><strong>Consideraciones al comprar un Macbook reacondicionado<\/strong><\/h2>\n<p>Es importante tener en cuenta algunos aspectos antes de comprar un Macbook reacondicionado:<\/p>\n<ul>\n<li><strong>Proveedores fiables<\/strong>: aseg\u00farate de comprar a vendedores que ofrezcan garant\u00eda y que tengan una buena reputaci\u00f3n. Esto te proteger\u00e1 en caso de que el equipo presente alg\u00fan problema o desperfecto.<\/li>\n<li><strong>Inspecci\u00f3n de estado<\/strong>: verifica que el Macbook haya sido revisado y reparado por profesionales. Lo ideal es que el equipo venga con alg\u00fan tipo de garant\u00eda que asegure su buen funcionamiento.<\/li>\n<li><strong>Especificaciones<\/strong>: eval\u00faa las caracter\u00edsticas t\u00e9cnicas del equipo y aseg\u00farate de que se ajusten a tus necesidades. Aunque el Macbook Pro es conocido por su alto rendimiento, los modelos reacondicionados pueden variar en especificaciones, por lo que es recomendable revisar qu\u00e9 modelo espec\u00edfico es el que mejor se adapta a ti.<\/li>\n<\/ul>\n<p>En definitiva, <strong>comprar un Macbook Pro reacondicionado<\/strong> es una excelente forma de obtener un equipo de alto rendimiento sin pagar el precio de uno nuevo. El ahorro econ\u00f3mico, la calidad garantizada y la contribuci\u00f3n a la sostenibilidad ambiental son solo algunas de las razones por las que cada vez m\u00e1s personas optan por esta alternativa. Si est\u00e1s en la b\u00fasqueda de una opci\u00f3n fiable y econ\u00f3mica, considera un Macbook Pro reacondicionado. No solo estar\u00e1s haciendo una compra inteligente, sino que tambi\u00e9n estar\u00e1s contribuyendo al cuidado del planeta.<\/p>\n<p>\u00bfTe gustar\u00eda saber m\u00e1s o tienes alguna experiencia con un dispositivo reacondicionado? \u00a1D\u00e9janos tu comentario!<\/p>\n","protected":false},"excerpt":{"rendered":"<p>Si est&aacute;s en busca de un port&aacute;til potente y fiable, pero sin gastar una fortuna, un Macbook Pro reacondicionado puede ser la opci&oacute;n perfecta para ti.&nbsp;Este tipo de equipos no solo ofrecen la calidad y el rendimiento que caracteriza a los productos de Apple, sino que tambi&eacute;n presentan una excelente relaci&oacute;n calidad-precio.<\/p>\n","protected":false},"author":1,"featured_media":1284,"comment_status":"open","ping_status":"open","sticky":false,"template":"","format":"standard","meta":{"footnotes":""},"categories":[38],"tags":[],"class_list":["post-1283","post","type-post","status-publish","format-standard","has-post-thumbnail","hentry","category-electronica"],"yoast_head":"<!-- This site is optimized with the Yoast SEO plugin v27.5 - https:\/\/yoast.com\/product\/yoast-seo-wordpress\/ -->\n<title>\u00bfPor qu\u00e9 elegir un Macbook Pro reacondicionado? - Blog ABCdatos<\/title>\n<meta name=\"description\" content=\"Si est\u00e1s en busca de un port\u00e1til potente y fiable sin gastar una fortuna, un Macbook Pro reacondicionado puede ser la opci\u00f3n perfecta para ti\" \/>\n<meta name=\"robots\" content=\"index, follow, max-snippet:-1, max-image-preview:large, max-video-preview:-1\" \/>\n<link rel=\"canonical\" href=\"https:\/\/www.abcdatos.com\/blog\/por-que-elegir-un-macbook-pro-reacondicionado\/\" \/>\n<meta property=\"og:locale\" content=\"es_ES\" \/>\n<meta property=\"og:type\" content=\"article\" \/>\n<meta property=\"og:title\" content=\"\u00bfPor qu\u00e9 elegir un Macbook Pro reacondicionado? - Blog ABCdatos\" \/>\n<meta property=\"og:description\" content=\"Si est\u00e1s en busca de un port\u00e1til potente y fiable sin gastar una fortuna, un Macbook Pro reacondicionado puede ser la opci\u00f3n perfecta para ti\" \/>\n<meta property=\"og:url\" content=\"https:\/\/www.abcdatos.com\/blog\/por-que-elegir-un-macbook-pro-reacondicionado\/\" \/>\n<meta property=\"og:site_name\" content=\"Blog ABCdatos\" \/>\n<meta property=\"article:published_time\" content=\"2024-09-06T15:23:49+00:00\" \/>\n<meta property=\"article:modified_time\" content=\"2025-02-10T12:08:50+00:00\" \/>\n<meta property=\"og:image\" content=\"https:\/\/www.abcdatos.com\/blog\/wp-content\/uploads\/2024\/09\/Macbook-Pro-reacondicionado.jpg\" \/>\n\t<meta property=\"og:image:width\" content=\"1920\" \/>\n\t<meta property=\"og:image:height\" content=\"1147\" \/>\n\t<meta property=\"og:image:type\" content=\"image\/jpeg\" \/>\n<meta name=\"author\" content=\"ABCdatos\" \/>\n<meta name=\"twitter:card\" content=\"summary_large_image\" \/>\n<meta name=\"twitter:label1\" content=\"Escrito por\" \/>\n\t<meta name=\"twitter:data1\" content=\"ABCdatos\" \/>\n\t<meta name=\"twitter:label2\" content=\"Tiempo de lectura\" \/>\n\t<meta name=\"twitter:data2\" content=\"4 minutos\" \/>\n<script type=\"application\/ld+json\" class=\"yoast-schema-graph\">{\"@context\":\"https:\\\/\\\/schema.org\",\"@graph\":[{\"@type\":\"Article\",\"@id\":\"https:\\\/\\\/www.abcdatos.com\\\/blog\\\/por-que-elegir-un-macbook-pro-reacondicionado\\\/#article\",\"isPartOf\":{\"@id\":\"https:\\\/\\\/www.abcdatos.com\\\/blog\\\/por-que-elegir-un-macbook-pro-reacondicionado\\\/\"},\"author\":{\"name\":\"ABCdatos\",\"@id\":\"https:\\\/\\\/www.abcdatos.com\\\/blog\\\/#\\\/schema\\\/person\\\/52b7acce83d7f85123d0609e46ee6a05\"},\"headline\":\"\u00bfPor qu\u00e9 elegir un Macbook Pro reacondicionado?\",\"datePublished\":\"2024-09-06T15:23:49+00:00\",\"dateModified\":\"2025-02-10T12:08:50+00:00\",\"mainEntityOfPage\":{\"@id\":\"https:\\\/\\\/www.abcdatos.com\\\/blog\\\/por-que-elegir-un-macbook-pro-reacondicionado\\\/\"},\"wordCount\":808,\"commentCount\":0,\"publisher\":{\"@id\":\"https:\\\/\\\/www.abcdatos.com\\\/blog\\\/#organization\"},\"image\":{\"@id\":\"https:\\\/\\\/www.abcdatos.com\\\/blog\\\/por-que-elegir-un-macbook-pro-reacondicionado\\\/#primaryimage\"},\"thumbnailUrl\":\"https:\\\/\\\/www.abcdatos.com\\\/blog\\\/wp-content\\\/uploads\\\/2024\\\/09\\\/Macbook-Pro-reacondicionado.jpg\",\"articleSection\":[\"Electr\u00f3nica\"],\"inLanguage\":\"es\",\"potentialAction\":[{\"@type\":\"CommentAction\",\"name\":\"Comment\",\"target\":[\"https:\\\/\\\/www.abcdatos.com\\\/blog\\\/por-que-elegir-un-macbook-pro-reacondicionado\\\/#respond\"]}]},{\"@type\":\"WebPage\",\"@id\":\"https:\\\/\\\/www.abcdatos.com\\\/blog\\\/por-que-elegir-un-macbook-pro-reacondicionado\\\/\",\"url\":\"https:\\\/\\\/www.abcdatos.com\\\/blog\\\/por-que-elegir-un-macbook-pro-reacondicionado\\\/\",\"name\":\"\u00bfPor qu\u00e9 elegir un Macbook Pro reacondicionado? - Blog ABCdatos\",\"isPartOf\":{\"@id\":\"https:\\\/\\\/www.abcdatos.com\\\/blog\\\/#website\"},\"primaryImageOfPage\":{\"@id\":\"https:\\\/\\\/www.abcdatos.com\\\/blog\\\/por-que-elegir-un-macbook-pro-reacondicionado\\\/#primaryimage\"},\"image\":{\"@id\":\"https:\\\/\\\/www.abcdatos.com\\\/blog\\\/por-que-elegir-un-macbook-pro-reacondicionado\\\/#primaryimage\"},\"thumbnailUrl\":\"https:\\\/\\\/www.abcdatos.com\\\/blog\\\/wp-content\\\/uploads\\\/2024\\\/09\\\/Macbook-Pro-reacondicionado.jpg\",\"datePublished\":\"2024-09-06T15:23:49+00:00\",\"dateModified\":\"2025-02-10T12:08:50+00:00\",\"description\":\"Si est\u00e1s en busca de un port\u00e1til potente y fiable sin gastar una fortuna, un Macbook Pro reacondicionado puede ser la opci\u00f3n perfecta para ti\",\"breadcrumb\":{\"@id\":\"https:\\\/\\\/www.abcdatos.com\\\/blog\\\/por-que-elegir-un-macbook-pro-reacondicionado\\\/#breadcrumb\"},\"inLanguage\":\"es\",\"potentialAction\":[{\"@type\":\"ReadAction\",\"target\":[\"https:\\\/\\\/www.abcdatos.com\\\/blog\\\/por-que-elegir-un-macbook-pro-reacondicionado\\\/\"]}]},{\"@type\":\"ImageObject\",\"inLanguage\":\"es\",\"@id\":\"https:\\\/\\\/www.abcdatos.com\\\/blog\\\/por-que-elegir-un-macbook-pro-reacondicionado\\\/#primaryimage\",\"url\":\"https:\\\/\\\/www.abcdatos.com\\\/blog\\\/wp-content\\\/uploads\\\/2024\\\/09\\\/Macbook-Pro-reacondicionado.jpg\",\"contentUrl\":\"https:\\\/\\\/www.abcdatos.com\\\/blog\\\/wp-content\\\/uploads\\\/2024\\\/09\\\/Macbook-Pro-reacondicionado.jpg\",\"width\":1920,\"height\":1147,\"caption\":\"Macbook Pro reacondicionado\"},{\"@type\":\"BreadcrumbList\",\"@id\":\"https:\\\/\\\/www.abcdatos.com\\\/blog\\\/por-que-elegir-un-macbook-pro-reacondicionado\\\/#breadcrumb\",\"itemListElement\":[{\"@type\":\"ListItem\",\"position\":1,\"name\":\"Home\",\"item\":\"https:\\\/\\\/www.abcdatos.com\\\/blog\\\/\"},{\"@type\":\"ListItem\",\"position\":2,\"name\":\"\u00bfPor qu\u00e9 elegir un Macbook Pro reacondicionado?\"}]},{\"@type\":\"WebSite\",\"@id\":\"https:\\\/\\\/www.abcdatos.com\\\/blog\\\/#website\",\"url\":\"https:\\\/\\\/www.abcdatos.com\\\/blog\\\/\",\"name\":\"Blog ABCdatos\",\"description\":\"Rese\u00f1as sobre programas, tutoriales, productos y servicios en la Red de Redes\",\"publisher\":{\"@id\":\"https:\\\/\\\/www.abcdatos.com\\\/blog\\\/#organization\"},\"potentialAction\":[{\"@type\":\"SearchAction\",\"target\":{\"@type\":\"EntryPoint\",\"urlTemplate\":\"https:\\\/\\\/www.abcdatos.com\\\/blog\\\/?s={search_term_string}\"},\"query-input\":{\"@type\":\"PropertyValueSpecification\",\"valueRequired\":true,\"valueName\":\"search_term_string\"}}],\"inLanguage\":\"es\"},{\"@type\":\"Organization\",\"@id\":\"https:\\\/\\\/www.abcdatos.com\\\/blog\\\/#organization\",\"name\":\"Blog ABCdatos\",\"url\":\"https:\\\/\\\/www.abcdatos.com\\\/blog\\\/\",\"logo\":{\"@type\":\"ImageObject\",\"inLanguage\":\"es\",\"@id\":\"https:\\\/\\\/www.abcdatos.com\\\/blog\\\/#\\\/schema\\\/logo\\\/image\\\/\",\"url\":\"https:\\\/\\\/www.abcdatos.com\\\/blog\\\/wp-content\\\/uploads\\\/2019\\\/04\\\/logo.gif\",\"contentUrl\":\"https:\\\/\\\/www.abcdatos.com\\\/blog\\\/wp-content\\\/uploads\\\/2019\\\/04\\\/logo.gif\",\"width\":65,\"height\":70,\"caption\":\"Blog ABCdatos\"},\"image\":{\"@id\":\"https:\\\/\\\/www.abcdatos.com\\\/blog\\\/#\\\/schema\\\/logo\\\/image\\\/\"}},{\"@type\":\"Person\",\"@id\":\"https:\\\/\\\/www.abcdatos.com\\\/blog\\\/#\\\/schema\\\/person\\\/52b7acce83d7f85123d0609e46ee6a05\",\"name\":\"ABCdatos\",\"image\":{\"@type\":\"ImageObject\",\"inLanguage\":\"es\",\"@id\":\"https:\\\/\\\/secure.gravatar.com\\\/avatar\\\/cc1680cd5d21235115659af5954c6a95538736b962215f8bc372acb1d693563c?s=96&d=wavatar&r=g\",\"url\":\"https:\\\/\\\/secure.gravatar.com\\\/avatar\\\/cc1680cd5d21235115659af5954c6a95538736b962215f8bc372acb1d693563c?s=96&d=wavatar&r=g\",\"contentUrl\":\"https:\\\/\\\/secure.gravatar.com\\\/avatar\\\/cc1680cd5d21235115659af5954c6a95538736b962215f8bc372acb1d693563c?s=96&d=wavatar&r=g\",\"caption\":\"ABCdatos\"},\"url\":\"https:\\\/\\\/www.abcdatos.com\\\/blog\\\/author\\\/abcdatos\\\/\"}]}<\/script>\n<!-- \/ Yoast SEO plugin. -->","yoast_head_json":{"title":"\u00bfPor qu\u00e9 elegir un Macbook Pro reacondicionado? - Blog ABCdatos","description":"Si est\u00e1s en busca de un port\u00e1til potente y fiable sin gastar una fortuna, un Macbook Pro reacondicionado puede ser la opci\u00f3n perfecta para ti","robots":{"index":"index","follow":"follow","max-snippet":"max-snippet:-1","max-image-preview":"max-image-preview:large","max-video-preview":"max-video-preview:-1"},"canonical":"https:\/\/www.abcdatos.com\/blog\/por-que-elegir-un-macbook-pro-reacondicionado\/","og_locale":"es_ES","og_type":"article","og_title":"\u00bfPor qu\u00e9 elegir un Macbook Pro reacondicionado? - Blog ABCdatos","og_description":"Si est\u00e1s en busca de un port\u00e1til potente y fiable sin gastar una fortuna, un Macbook Pro reacondicionado puede ser la opci\u00f3n perfecta para ti","og_url":"https:\/\/www.abcdatos.com\/blog\/por-que-elegir-un-macbook-pro-reacondicionado\/","og_site_name":"Blog ABCdatos","article_published_time":"2024-09-06T15:23:49+00:00","article_modified_time":"2025-02-10T12:08:50+00:00","og_image":[{"width":1920,"height":1147,"url":"https:\/\/www.abcdatos.com\/blog\/wp-content\/uploads\/2024\/09\/Macbook-Pro-reacondicionado.jpg","type":"image\/jpeg"}],"author":"ABCdatos","twitter_card":"summary_large_image","twitter_misc":{"Escrito por":"ABCdatos","Tiempo de lectura":"4 minutos"},"schema":{"@context":"https:\/\/schema.org","@graph":[{"@type":"Article","@id":"https:\/\/www.abcdatos.com\/blog\/por-que-elegir-un-macbook-pro-reacondicionado\/#article","isPartOf":{"@id":"https:\/\/www.abcdatos.com\/blog\/por-que-elegir-un-macbook-pro-reacondicionado\/"},"author":{"name":"ABCdatos","@id":"https:\/\/www.abcdatos.com\/blog\/#\/schema\/person\/52b7acce83d7f85123d0609e46ee6a05"},"headline":"\u00bfPor qu\u00e9 elegir un Macbook Pro reacondicionado?","datePublished":"2024-09-06T15:23:49+00:00","dateModified":"2025-02-10T12:08:50+00:00","mainEntityOfPage":{"@id":"https:\/\/www.abcdatos.com\/blog\/por-que-elegir-un-macbook-pro-reacondicionado\/"},"wordCount":808,"commentCount":0,"publisher":{"@id":"https:\/\/www.abcdatos.com\/blog\/#organization"},"image":{"@id":"https:\/\/www.abcdatos.com\/blog\/por-que-elegir-un-macbook-pro-reacondicionado\/#primaryimage"},"thumbnailUrl":"https:\/\/www.abcdatos.com\/blog\/wp-content\/uploads\/2024\/09\/Macbook-Pro-reacondicionado.jpg","articleSection":["Electr\u00f3nica"],"inLanguage":"es","potentialAction":[{"@type":"CommentAction","name":"Comment","target":["https:\/\/www.abcdatos.com\/blog\/por-que-elegir-un-macbook-pro-reacondicionado\/#respond"]}]},{"@type":"WebPage","@id":"https:\/\/www.abcdatos.com\/blog\/por-que-elegir-un-macbook-pro-reacondicionado\/","url":"https:\/\/www.abcdatos.com\/blog\/por-que-elegir-un-macbook-pro-reacondicionado\/","name":"\u00bfPor qu\u00e9 elegir un Macbook Pro reacondicionado? - Blog ABCdatos","isPartOf":{"@id":"https:\/\/www.abcdatos.com\/blog\/#website"},"primaryImageOfPage":{"@id":"https:\/\/www.abcdatos.com\/blog\/por-que-elegir-un-macbook-pro-reacondicionado\/#primaryimage"},"image":{"@id":"https:\/\/www.abcdatos.com\/blog\/por-que-elegir-un-macbook-pro-reacondicionado\/#primaryimage"},"thumbnailUrl":"https:\/\/www.abcdatos.com\/blog\/wp-content\/uploads\/2024\/09\/Macbook-Pro-reacondicionado.jpg","datePublished":"2024-09-06T15:23:49+00:00","dateModified":"2025-02-10T12:08:50+00:00","description":"Si est\u00e1s en busca de un port\u00e1til potente y fiable sin gastar una fortuna, un Macbook Pro reacondicionado puede ser la opci\u00f3n perfecta para ti","breadcrumb":{"@id":"https:\/\/www.abcdatos.com\/blog\/por-que-elegir-un-macbook-pro-reacondicionado\/#breadcrumb"},"inLanguage":"es","potentialAction":[{"@type":"ReadAction","target":["https:\/\/www.abcdatos.com\/blog\/por-que-elegir-un-macbook-pro-reacondicionado\/"]}]},{"@type":"ImageObject","inLanguage":"es","@id":"https:\/\/www.abcdatos.com\/blog\/por-que-elegir-un-macbook-pro-reacondicionado\/#primaryimage","url":"https:\/\/www.abcdatos.com\/blog\/wp-content\/uploads\/2024\/09\/Macbook-Pro-reacondicionado.jpg","contentUrl":"https:\/\/www.abcdatos.com\/blog\/wp-content\/uploads\/2024\/09\/Macbook-Pro-reacondicionado.jpg","width":1920,"height":1147,"caption":"Macbook Pro reacondicionado"},{"@type":"BreadcrumbList","@id":"https:\/\/www.abcdatos.com\/blog\/por-que-elegir-un-macbook-pro-reacondicionado\/#breadcrumb","itemListElement":[{"@type":"ListItem","position":1,"name":"Home","item":"https:\/\/www.abcdatos.com\/blog\/"},{"@type":"ListItem","position":2,"name":"\u00bfPor qu\u00e9 elegir un Macbook Pro reacondicionado?"}]},{"@type":"WebSite","@id":"https:\/\/www.abcdatos.com\/blog\/#website","url":"https:\/\/www.abcdatos.com\/blog\/","name":"Blog ABCdatos","description":"Rese\u00f1as sobre programas, tutoriales, productos y servicios en la Red de Redes","publisher":{"@id":"https:\/\/www.abcdatos.com\/blog\/#organization"},"potentialAction":[{"@type":"SearchAction","target":{"@type":"EntryPoint","urlTemplate":"https:\/\/www.abcdatos.com\/blog\/?s={search_term_string}"},"query-input":{"@type":"PropertyValueSpecification","valueRequired":true,"valueName":"search_term_string"}}],"inLanguage":"es"},{"@type":"Organization","@id":"https:\/\/www.abcdatos.com\/blog\/#organization","name":"Blog ABCdatos","url":"https:\/\/www.abcdatos.com\/blog\/","logo":{"@type":"ImageObject","inLanguage":"es","@id":"https:\/\/www.abcdatos.com\/blog\/#\/schema\/logo\/image\/","url":"https:\/\/www.abcdatos.com\/blog\/wp-content\/uploads\/2019\/04\/logo.gif","contentUrl":"https:\/\/www.abcdatos.com\/blog\/wp-content\/uploads\/2019\/04\/logo.gif","width":65,"height":70,"caption":"Blog ABCdatos"},"image":{"@id":"https:\/\/www.abcdatos.com\/blog\/#\/schema\/logo\/image\/"}},{"@type":"Person","@id":"https:\/\/www.abcdatos.com\/blog\/#\/schema\/person\/52b7acce83d7f85123d0609e46ee6a05","name":"ABCdatos","image":{"@type":"ImageObject","inLanguage":"es","@id":"https:\/\/secure.gravatar.com\/avatar\/cc1680cd5d21235115659af5954c6a95538736b962215f8bc372acb1d693563c?s=96&d=wavatar&r=g","url":"https:\/\/secure.gravatar.com\/avatar\/cc1680cd5d21235115659af5954c6a95538736b962215f8bc372acb1d693563c?s=96&d=wavatar&r=g","contentUrl":"https:\/\/secure.gravatar.com\/avatar\/cc1680cd5d21235115659af5954c6a95538736b962215f8bc372acb1d693563c?s=96&d=wavatar&r=g","caption":"ABCdatos"},"url":"https:\/\/www.abcdatos.com\/blog\/author\/abcdatos\/"}]}},"_links":{"self":[{"href":"https:\/\/www.abcdatos.com\/blog\/wp-json\/wp\/v2\/posts\/1283","targetHints":{"allow":["GET"]}}],"collection":[{"href":"https:\/\/www.abcdatos.com\/blog\/wp-json\/wp\/v2\/posts"}],"about":[{"href":"https:\/\/www.abcdatos.com\/blog\/wp-json\/wp\/v2\/types\/post"}],"author":[{"embeddable":true,"href":"https:\/\/www.abcdatos.com\/blog\/wp-json\/wp\/v2\/users\/1"}],"replies":[{"embeddable":true,"href":"https:\/\/www.abcdatos.com\/blog\/wp-json\/wp\/v2\/comments?post=1283"}],"version-history":[{"count":3,"href":"https:\/\/www.abcdatos.com\/blog\/wp-json\/wp\/v2\/posts\/1283\/revisions"}],"predecessor-version":[{"id":1287,"href":"https:\/\/www.abcdatos.com\/blog\/wp-json\/wp\/v2\/posts\/1283\/revisions\/1287"}],"wp:featuredmedia":[{"embeddable":true,"href":"https:\/\/www.abcdatos.com\/blog\/wp-json\/wp\/v2\/media\/1284"}],"wp:attachment":[{"href":"https:\/\/www.abcdatos.com\/blog\/wp-json\/wp\/v2\/media?parent=1283"}],"wp:term":[{"taxonomy":"category","embeddable":true,"href":"https:\/\/www.abcdatos.com\/blog\/wp-json\/wp\/v2\/categories?post=1283"},{"taxonomy":"post_tag","embeddable":true,"href":"https:\/\/www.abcdatos.com\/blog\/wp-json\/wp\/v2\/tags?post=1283"}],"curies":[{"name":"wp","href":"https:\/\/api.w.org\/{rel}","templated":true}]}}